{"id":641,"date":"2012-07-13T15:53:41","date_gmt":"2012-07-13T15:53:41","guid":{"rendered":"http:\/\/www.chocolats-conges.com\/Boutique\/?p=641"},"modified":"2018-11-04T19:19:26","modified_gmt":"2018-11-04T19:19:26","slug":"fete-du-pain-2012","status":"publish","type":"post","link":"https:\/\/www.chocolats-conges.com\/Boutique\/blog\/fete-du-pain-2012\/","title":{"rendered":"F\u00eate du Pain 2012"},"content":{"rendered":"<p>Le 13 mai 2012, la f\u00eate du pain \u00e0 Saint-Antoine de Ficalba a battu des records d&rsquo;affluence. Il faut dire que le programme \u00e9tait particuli\u00e8rement riche pour les amoureux du pain traditionnel : battage \u00e0 l&rsquo;ancienne du bl\u00e9 utilisation de moulins \u00e0 farine , d&rsquo;un four \u00e0 bois,&#8230;<\/p>\n<p>Les participants ont eu l&rsquo;occasion de d\u00e9guster une grande vari\u00e9t\u00e9 de pains r\u00e9alis\u00e9s par Jean-Marie et Isabelle, d&rsquo;assister au battage \u00e0 l&rsquo;ancienne gr\u00e2ce \u00e0 Pierre Limbert avec sa batteuse d&rsquo;antan, \u00e0 l&rsquo;utilisation de meules et d&rsquo;un four \u00e0 pain gr\u00e2ce \u00e0 Alix Massou, &#8230;<br \/>\nSans oublier l&rsquo;animation musicale assur\u00e9e par le groupe \u00ab Vent d&rsquo;Olt \u00bb.<\/p>\n<p>Voici un aper\u00e7u en images de la f\u00eate du pain 2012 (merci \u00e0 Ren\u00e9 Cayr\u00e9 pour les photos de cette belle journ\u00e9e) :<\/p>\n<p><center><a href=\"http:\/\/chocolats-conges.com\/Boutique\/wp-content\/uploads\/2012\/07\/fete_du_pain_2012_saint_antoine_de_ficalba_boulangerie_conges_01.jpg\"><img loading=\"lazy\" decoding=\"async\" class=\"alignnone size-thumbnail wp-image-645\" title=\"fete_du_pain_2012_saint_antoine_de_ficalba_boulangerie_conges_01\" src=\"http:\/\/chocolats-conges.com\/Boutique\/wp-content\/uploads\/2012\/07\/fete_du_pain_2012_saint_antoine_de_ficalba_boulangerie_conges_01-150x150.jpg\" alt=\"\" width=\"150\" height=\"150\" srcset=\"https:\/\/www.chocolats-conges.com\/Boutique\/wp-content\/uploads\/2012\/07\/fete_du_pain_2012_saint_antoine_de_ficalba_boulangerie_conges_01-150x150.jpg 150w, https:\/\/www.chocolats-conges.com\/Boutique\/wp-content\/uploads\/2012\/07\/fete_du_pain_2012_saint_antoine_de_ficalba_boulangerie_conges_01-300x300.jpg 300w, https:\/\/www.chocolats-conges.com\/Boutique\/wp-content\/uploads\/2012\/07\/fete_du_pain_2012_saint_antoine_de_ficalba_boulangerie_conges_01-100x100.jpg 100w\" sizes=\"auto, (max-width: 150px) 100vw, 150px\" \/><\/a><a href=\"http:\/\/chocolats-conges.com\/Boutique\/wp-content\/uploads\/2012\/07\/fete_du_pain_2012_saint_antoine_de_ficalba_boulangerie_conges_02.jpg\"><img loading=\"lazy\" decoding=\"async\" class=\"alignnone size-thumbnail wp-image-646\" title=\"Lot-et-Garonne (St Antoine de Ficalba)\" src=\"http:\/\/chocolats-conges.com\/Boutique\/wp-content\/uploads\/2012\/07\/fete_du_pain_2012_saint_antoine_de_ficalba_boulangerie_conges_02-150x150.jpg\" alt=\"\" width=\"150\" height=\"150\" srcset=\"https:\/\/www.chocolats-conges.com\/Boutique\/wp-content\/uploads\/2012\/07\/fete_du_pain_2012_saint_antoine_de_ficalba_boulangerie_conges_02-150x150.jpg 150w, https:\/\/www.chocolats-conges.com\/Boutique\/wp-content\/uploads\/2012\/07\/fete_du_pain_2012_saint_antoine_de_ficalba_boulangerie_conges_02-300x300.jpg 300w, https:\/\/www.chocolats-conges.com\/Boutique\/wp-content\/uploads\/2012\/07\/fete_du_pain_2012_saint_antoine_de_ficalba_boulangerie_conges_02-100x100.jpg 100w\" sizes=\"auto, (max-width: 150px) 100vw, 150px\" \/><\/a><a href=\"http:\/\/chocolats-conges.com\/Boutique\/wp-content\/uploads\/2012\/07\/fete_du_pain_2012_saint_antoine_de_ficalba_boulangerie_conges_03.jpg\"><img loading=\"lazy\" decoding=\"async\" class=\"alignnone size-thumbnail wp-image-647\" title=\"fete_du_pain_2012_saint_antoine_de_ficalba_boulangerie_conges_03\" src=\"http:\/\/chocolats-conges.com\/Boutique\/wp-content\/uploads\/2012\/07\/fete_du_pain_2012_saint_antoine_de_ficalba_boulangerie_conges_03-150x150.jpg\" alt=\"\" width=\"150\" height=\"150\" srcset=\"https:\/\/www.chocolats-conges.com\/Boutique\/wp-content\/uploads\/2012\/07\/fete_du_pain_2012_saint_antoine_de_ficalba_boulangerie_conges_03-150x150.jpg 150w, https:\/\/www.chocolats-conges.com\/Boutique\/wp-content\/uploads\/2012\/07\/fete_du_pain_2012_saint_antoine_de_ficalba_boulangerie_conges_03-300x300.jpg 300w, https:\/\/www.chocolats-conges.com\/Boutique\/wp-content\/uploads\/2012\/07\/fete_du_pain_2012_saint_antoine_de_ficalba_boulangerie_conges_03-100x100.jpg 100w\" sizes=\"auto, (max-width: 150px) 100vw, 150px\" \/><\/a><br \/>\n<a href=\"http:\/\/chocolats-conges.com\/Boutique\/wp-content\/uploads\/2012\/07\/fete_du_pain_2012_saint_antoine_de_ficalba_boulangerie_conges_04.jpg\"><img loading=\"lazy\" decoding=\"async\" class=\"alignnone size-thumbnail wp-image-648\" title=\"fete_du_pain_2012_saint_antoine_de_ficalba_boulangerie_conges_04\" src=\"http:\/\/chocolats-conges.com\/Boutique\/wp-content\/uploads\/2012\/07\/fete_du_pain_2012_saint_antoine_de_ficalba_boulangerie_conges_04-150x150.jpg\" alt=\"\" width=\"150\" height=\"150\" srcset=\"https:\/\/www.chocolats-conges.com\/Boutique\/wp-content\/uploads\/2012\/07\/fete_du_pain_2012_saint_antoine_de_ficalba_boulangerie_conges_04-150x150.jpg 150w, https:\/\/www.chocolats-conges.com\/Boutique\/wp-content\/uploads\/2012\/07\/fete_du_pain_2012_saint_antoine_de_ficalba_boulangerie_conges_04-300x300.jpg 300w, https:\/\/www.chocolats-conges.com\/Boutique\/wp-content\/uploads\/2012\/07\/fete_du_pain_2012_saint_antoine_de_ficalba_boulangerie_conges_04-100x100.jpg 100w\" sizes=\"auto, (max-width: 150px) 100vw, 150px\" \/><\/a><a href=\"http:\/\/chocolats-conges.com\/Boutique\/wp-content\/uploads\/2012\/07\/fete_du_pain_2012_saint_antoine_de_ficalba_boulangerie_conges_05.jpg\"><img loading=\"lazy\" decoding=\"async\" class=\"alignnone size-thumbnail wp-image-649\" title=\"fete_du_pain_2012_saint_antoine_de_ficalba_boulangerie_conges_05\" src=\"http:\/\/chocolats-conges.com\/Boutique\/wp-content\/uploads\/2012\/07\/fete_du_pain_2012_saint_antoine_de_ficalba_boulangerie_conges_05-150x150.jpg\" alt=\"\" width=\"150\" height=\"150\" srcset=\"https:\/\/www.chocolats-conges.com\/Boutique\/wp-content\/uploads\/2012\/07\/fete_du_pain_2012_saint_antoine_de_ficalba_boulangerie_conges_05-150x150.jpg 150w, https:\/\/www.chocolats-conges.com\/Boutique\/wp-content\/uploads\/2012\/07\/fete_du_pain_2012_saint_antoine_de_ficalba_boulangerie_conges_05-300x300.jpg 300w, https:\/\/www.chocolats-conges.com\/Boutique\/wp-content\/uploads\/2012\/07\/fete_du_pain_2012_saint_antoine_de_ficalba_boulangerie_conges_05-100x100.jpg 100w\" sizes=\"auto, (max-width: 150px) 100vw, 150px\" \/><\/a><a href=\"http:\/\/chocolats-conges.com\/Boutique\/wp-content\/uploads\/2012\/07\/fete_du_pain_2012_saint_antoine_de_ficalba_boulangerie_conges_06.jpg\"><img loading=\"lazy\" decoding=\"async\" class=\"alignnone size-thumbnail wp-image-650\" title=\"fete_du_pain_2012_saint_antoine_de_ficalba_boulangerie_conges_06\" src=\"http:\/\/chocolats-conges.com\/Boutique\/wp-content\/uploads\/2012\/07\/fete_du_pain_2012_saint_antoine_de_ficalba_boulangerie_conges_06-150x150.jpg\" alt=\"\" width=\"150\" height=\"150\" srcset=\"https:\/\/www.chocolats-conges.com\/Boutique\/wp-content\/uploads\/2012\/07\/fete_du_pain_2012_saint_antoine_de_ficalba_boulangerie_conges_06-150x150.jpg 150w, https:\/\/www.chocolats-conges.com\/Boutique\/wp-content\/uploads\/2012\/07\/fete_du_pain_2012_saint_antoine_de_ficalba_boulangerie_conges_06-300x300.jpg 300w, https:\/\/www.chocolats-conges.com\/Boutique\/wp-content\/uploads\/2012\/07\/fete_du_pain_2012_saint_antoine_de_ficalba_boulangerie_conges_06-100x100.jpg 100w\" sizes=\"auto, (max-width: 150px) 100vw, 150px\" \/><\/a><br \/>\n<a href=\"http:\/\/chocolats-conges.com\/Boutique\/wp-content\/uploads\/2012\/07\/fete_du_pain_2012_saint_antoine_de_ficalba_boulangerie_conges_07.jpg\"><img loading=\"lazy\" decoding=\"async\" class=\"alignnone size-thumbnail wp-image-651\" title=\"fete_du_pain_2012_saint_antoine_de_ficalba_boulangerie_conges_07\" src=\"http:\/\/chocolats-conges.com\/Boutique\/wp-content\/uploads\/2012\/07\/fete_du_pain_2012_saint_antoine_de_ficalba_boulangerie_conges_07-150x150.jpg\" alt=\"\" width=\"150\" height=\"150\" srcset=\"https:\/\/www.chocolats-conges.com\/Boutique\/wp-content\/uploads\/2012\/07\/fete_du_pain_2012_saint_antoine_de_ficalba_boulangerie_conges_07-150x150.jpg 150w, https:\/\/www.chocolats-conges.com\/Boutique\/wp-content\/uploads\/2012\/07\/fete_du_pain_2012_saint_antoine_de_ficalba_boulangerie_conges_07-300x300.jpg 300w, https:\/\/www.chocolats-conges.com\/Boutique\/wp-content\/uploads\/2012\/07\/fete_du_pain_2012_saint_antoine_de_ficalba_boulangerie_conges_07-100x100.jpg 100w\" sizes=\"auto, (max-width: 150px) 100vw, 150px\" \/><\/a><a href=\"http:\/\/chocolats-conges.com\/Boutique\/wp-content\/uploads\/2012\/07\/fete_du_pain_2012_saint_antoine_de_ficalba_boulangerie_conges_08.jpg\"><img loading=\"lazy\" decoding=\"async\" class=\"alignnone size-thumbnail wp-image-652\" title=\"fete_du_pain_2012_saint_antoine_de_ficalba_boulangerie_conges_08\" src=\"http:\/\/chocolats-conges.com\/Boutique\/wp-content\/uploads\/2012\/07\/fete_du_pain_2012_saint_antoine_de_ficalba_boulangerie_conges_08-150x150.jpg\" alt=\"\" width=\"150\" height=\"150\" srcset=\"https:\/\/www.chocolats-conges.com\/Boutique\/wp-content\/uploads\/2012\/07\/fete_du_pain_2012_saint_antoine_de_ficalba_boulangerie_conges_08-150x150.jpg 150w, https:\/\/www.chocolats-conges.com\/Boutique\/wp-content\/uploads\/2012\/07\/fete_du_pain_2012_saint_antoine_de_ficalba_boulangerie_conges_08-300x300.jpg 300w, https:\/\/www.chocolats-conges.com\/Boutique\/wp-content\/uploads\/2012\/07\/fete_du_pain_2012_saint_antoine_de_ficalba_boulangerie_conges_08-100x100.jpg 100w\" sizes=\"auto, (max-width: 150px) 100vw, 150px\" \/><\/a><a href=\"http:\/\/chocolats-conges.com\/Boutique\/wp-content\/uploads\/2012\/07\/fete_du_pain_2012_saint_antoine_de_ficalba_boulangerie_conges_09.jpg\"><img loading=\"lazy\" decoding=\"async\" class=\"alignnone size-thumbnail wp-image-653\" title=\"fete_du_pain_2012_saint_antoine_de_ficalba_boulangerie_conges_09\" src=\"http:\/\/chocolats-conges.com\/Boutique\/wp-content\/uploads\/2012\/07\/fete_du_pain_2012_saint_antoine_de_ficalba_boulangerie_conges_09-150x150.jpg\" alt=\"\" width=\"150\" height=\"150\" srcset=\"https:\/\/www.chocolats-conges.com\/Boutique\/wp-content\/uploads\/2012\/07\/fete_du_pain_2012_saint_antoine_de_ficalba_boulangerie_conges_09-150x150.jpg 150w, https:\/\/www.chocolats-conges.com\/Boutique\/wp-content\/uploads\/2012\/07\/fete_du_pain_2012_saint_antoine_de_ficalba_boulangerie_conges_09-300x300.jpg 300w, https:\/\/www.chocolats-conges.com\/Boutique\/wp-content\/uploads\/2012\/07\/fete_du_pain_2012_saint_antoine_de_ficalba_boulangerie_conges_09-100x100.jpg 100w\" sizes=\"auto, (max-width: 150px) 100vw, 150px\" \/><\/a><\/center>Cliquez <a href=\"http:\/\/www.ladepeche.fr\/article\/2012\/05\/22\/1358722-saint-antoine-de-ficalba-succes-de-la-fete-du-bon-pain.html\">ici<\/a> pour lire l&rsquo;article de <u>La D\u00e9p\u00eache du Midi<\/u> sur la F\u00eate du Pain 2012<\/p>\n","protected":false},"excerpt":{"rendered":"<p>Le 13 mai 2012, la f\u00eate du pain \u00e0 Saint-Antoine de Ficalba a battu des records d&rsquo;affluence. Il faut dire que le programme \u00e9tait particuli\u00e8rement riche pour les amoureux du pain traditionnel : battage \u00e0 l&rsquo;ancienne du bl\u00e9 utilisation de moulins \u00e0 farine , d&rsquo;un four \u00e0 bois,&#8230; Les participants ont eu l&rsquo;occasion de d\u00e9guster&#8230;<\/p>\n","protected":false},"author":1,"featured_media":645,"comment_status":"open","ping_status":"open","sticky":false,"template":"","format":"standard","meta":{"footnotes":""},"categories":[7],"tags":[],"class_list":["post-641","post","type-post","status-publish","format-standard","has-post-thumbnail","hentry","category-fete-du-pain"],"_links":{"self":[{"href":"https:\/\/www.chocolats-conges.com\/Boutique\/blog\/wp-json\/wp\/v2\/posts\/641","targetHints":{"allow":["GET"]}}],"collection":[{"href":"https:\/\/www.chocolats-conges.com\/Boutique\/blog\/wp-json\/wp\/v2\/posts"}],"about":[{"href":"https:\/\/www.chocolats-conges.com\/Boutique\/blog\/wp-json\/wp\/v2\/types\/post"}],"author":[{"embeddable":true,"href":"https:\/\/www.chocolats-conges.com\/Boutique\/blog\/wp-json\/wp\/v2\/users\/1"}],"replies":[{"embeddable":true,"href":"https:\/\/www.chocolats-conges.com\/Boutique\/blog\/wp-json\/wp\/v2\/comments?post=641"}],"version-history":[{"count":7,"href":"https:\/\/www.chocolats-conges.com\/Boutique\/blog\/wp-json\/wp\/v2\/posts\/641\/revisions"}],"predecessor-version":[{"id":1228,"href":"https:\/\/www.chocolats-conges.com\/Boutique\/blog\/wp-json\/wp\/v2\/posts\/641\/revisions\/1228"}],"wp:featuredmedia":[{"embeddable":true,"href":"https:\/\/www.chocolats-conges.com\/Boutique\/blog\/wp-json\/wp\/v2\/media\/645"}],"wp:attachment":[{"href":"https:\/\/www.chocolats-conges.com\/Boutique\/blog\/wp-json\/wp\/v2\/media?parent=641"}],"wp:term":[{"taxonomy":"category","embeddable":true,"href":"https:\/\/www.chocolats-conges.com\/Boutique\/blog\/wp-json\/wp\/v2\/categories?post=641"},{"taxonomy":"post_tag","embeddable":true,"href":"https:\/\/www.chocolats-conges.com\/Boutique\/blog\/wp-json\/wp\/v2\/tags?post=641"}],"curies":[{"name":"wp","href":"https:\/\/api.w.org\/{rel}","templated":true}]}}