{"id":632,"date":"2012-07-11T07:26:12","date_gmt":"2012-07-11T07:26:12","guid":{"rendered":"http:\/\/www.chocolats-conges.com\/Boutique\/?p=632"},"modified":"2018-11-04T19:21:34","modified_gmt":"2018-11-04T19:21:34","slug":"presse-2","status":"publish","type":"post","link":"https:\/\/www.chocolats-conges.com\/Boutique\/blog\/presse-2\/","title":{"rendered":"PRESSE"},"content":{"rendered":"<p><center><a href=\"http:\/\/chocolats-conges.com\/Boutique\/wp-content\/uploads\/2012\/07\/depeche_juillet2012.jpg\"><img loading=\"lazy\" decoding=\"async\" class=\"alignnone size-full wp-image-633\" title=\"depeche_juillet2012\" src=\"http:\/\/chocolats-conges.com\/Boutique\/wp-content\/uploads\/2012\/07\/depeche_juillet2012.jpg\" alt=\"\" width=\"495\" height=\"349\" srcset=\"https:\/\/www.chocolats-conges.com\/Boutique\/wp-content\/uploads\/2012\/07\/depeche_juillet2012.jpg 652w, https:\/\/www.chocolats-conges.com\/Boutique\/wp-content\/uploads\/2012\/07\/depeche_juillet2012-600x423.jpg 600w, https:\/\/www.chocolats-conges.com\/Boutique\/wp-content\/uploads\/2012\/07\/depeche_juillet2012-300x211.jpg 300w\" sizes=\"auto, (max-width: 495px) 100vw, 495px\" \/><\/a><\/center>\u00ab\u00a0<u>La D\u00e9p\u00eache du Midi<\/u>\u00a0\u00bb consacre dans son \u00e9dition du 11 juillet un article au livre \u00ab\u00a0<u>Les D\u00e9lices de mon village<\/u>\u00ab\u00a0. Vous pouvez lire l&rsquo;article sur le site <a href=\"http:\/\/www.ladepeche.fr\/article\/2012\/07\/11\/1397656-saint-antoine-de-ficalba-la-gourmandise-de-page-en-page.html\">ladepeche.fr<\/a><br \/>\n<a href=\"http:\/\/chocolats-conges.com\/Boutique\/wp-content\/uploads\/2011\/12\/Les_delices_de_mon_village_2011_isabelle_et_jean_marie_conges.jpg\"><img loading=\"lazy\" decoding=\"async\" class=\"alignleft size-thumbnail wp-image-598\" title=\"Les_delices_de_mon_village_2011_isabelle_et_jean_marie_conges\" src=\"http:\/\/chocolats-conges.com\/Boutique\/wp-content\/uploads\/2011\/12\/Les_delices_de_mon_village_2011_isabelle_et_jean_marie_conges-150x150.jpg\" alt=\"\" width=\"150\" height=\"150\" srcset=\"https:\/\/www.chocolats-conges.com\/Boutique\/wp-content\/uploads\/2011\/12\/Les_delices_de_mon_village_2011_isabelle_et_jean_marie_conges-150x150.jpg 150w, https:\/\/www.chocolats-conges.com\/Boutique\/wp-content\/uploads\/2011\/12\/Les_delices_de_mon_village_2011_isabelle_et_jean_marie_conges.jpg 300w, https:\/\/www.chocolats-conges.com\/Boutique\/wp-content\/uploads\/2011\/12\/Les_delices_de_mon_village_2011_isabelle_et_jean_marie_conges-100x100.jpg 100w\" sizes=\"auto, (max-width: 150px) 100vw, 150px\" \/><\/a>Petit rectificatif ou pr\u00e9cision utile n\u00e9anmoins, les photos des recettes pr\u00e9sent\u00e9es dans ce livre ont toutes \u00e9t\u00e9 r\u00e9alis\u00e9es dans nos ateliers. Nous souhaitions en effet montrer le v\u00e9ritable travail d&rsquo;un artisan passionn\u00e9.<\/p>\n<p>Plus d&rsquo;infos sur ce livre de recettes gourmandes dans notre article du 08\/12\/2011 en cliquant <a href=\"http:\/\/www.chocolats-conges.com\/Boutique\/?p=594\">ici<\/a>.<br \/>\nPour rappel, vous pouvez l\u2019acheter directement dans notre boutique au prix de 14,50\u20ac [couverture souple, reliure \u00e0 spirale] ou le commander sur le site lulu.com en cliquant <a href=\"http:\/\/www.lulu.com\/product\/couverture-souple\/les-d%C3%A9lices-de-mon-village\/18668383?productTrackingContext=search_results\/search_shelf\/center\/1\">ici<\/a>.<\/p>\n","protected":false},"excerpt":{"rendered":"<p>\u00ab\u00a0La D\u00e9p\u00eache du Midi\u00a0\u00bb consacre dans son \u00e9dition du 11 juillet un article au livre \u00ab\u00a0Les D\u00e9lices de mon village\u00ab\u00a0. Vous pouvez lire l&rsquo;article sur le site ladepeche.fr Petit rectificatif ou pr\u00e9cision utile n\u00e9anmoins, les photos des recettes pr\u00e9sent\u00e9es dans ce livre ont toutes \u00e9t\u00e9 r\u00e9alis\u00e9es dans nos ateliers. Nous souhaitions en effet montrer le&#8230;<\/p>\n","protected":false},"author":1,"featured_media":598,"comment_status":"open","ping_status":"open","sticky":false,"template":"","format":"standard","meta":{"footnotes":""},"categories":[1,5],"tags":[],"class_list":["post-632","post","type-post","status-publish","format-standard","has-post-thumbnail","hentry","category-boutique","category-presse"],"_links":{"self":[{"href":"https:\/\/www.chocolats-conges.com\/Boutique\/blog\/wp-json\/wp\/v2\/posts\/632","targetHints":{"allow":["GET"]}}],"collection":[{"href":"https:\/\/www.chocolats-conges.com\/Boutique\/blog\/wp-json\/wp\/v2\/posts"}],"about":[{"href":"https:\/\/www.chocolats-conges.com\/Boutique\/blog\/wp-json\/wp\/v2\/types\/post"}],"author":[{"embeddable":true,"href":"https:\/\/www.chocolats-conges.com\/Boutique\/blog\/wp-json\/wp\/v2\/users\/1"}],"replies":[{"embeddable":true,"href":"https:\/\/www.chocolats-conges.com\/Boutique\/blog\/wp-json\/wp\/v2\/comments?post=632"}],"version-history":[{"count":9,"href":"https:\/\/www.chocolats-conges.com\/Boutique\/blog\/wp-json\/wp\/v2\/posts\/632\/revisions"}],"predecessor-version":[{"id":1230,"href":"https:\/\/www.chocolats-conges.com\/Boutique\/blog\/wp-json\/wp\/v2\/posts\/632\/revisions\/1230"}],"wp:featuredmedia":[{"embeddable":true,"href":"https:\/\/www.chocolats-conges.com\/Boutique\/blog\/wp-json\/wp\/v2\/media\/598"}],"wp:attachment":[{"href":"https:\/\/www.chocolats-conges.com\/Boutique\/blog\/wp-json\/wp\/v2\/media?parent=632"}],"wp:term":[{"taxonomy":"category","embeddable":true,"href":"https:\/\/www.chocolats-conges.com\/Boutique\/blog\/wp-json\/wp\/v2\/categories?post=632"},{"taxonomy":"post_tag","embeddable":true,"href":"https:\/\/www.chocolats-conges.com\/Boutique\/blog\/wp-json\/wp\/v2\/tags?post=632"}],"curies":[{"name":"wp","href":"https:\/\/api.w.org\/{rel}","templated":true}]}}